{"id":4783,"date":"2025-03-30T20:08:30","date_gmt":"2025-03-30T20:08:30","guid":{"rendered":"https:\/\/www.semgaragon.es\/web\/?p=4783"},"modified":"2025-05-14T07:43:30","modified_gmt":"2025-05-14T07:43:30","slug":"xxvi-jornadas-semg-aragon-14-y-15-de-mayo-en-zaragoza","status":"publish","type":"post","link":"https:\/\/www.semgaragon.es\/web\/noticias\/xxvi-jornadas-semg-aragon-14-y-15-de-mayo-en-zaragoza\/","title":{"rendered":"XXVI Jornadas SEMG Arag\u00f3n \u2013 14 y 15 de mayo en Zaragoza"},"content":{"rendered":"\n<p>Los pr\u00f3ximos <strong>14 y 15 de mayo<\/strong>, el <strong>Paraninfo de la Universidad de Zaragoza<\/strong> acoger\u00e1 las <strong>XXVI Jornadas de la Sociedad Espa\u00f1ola de Medicina General y de Familia en Arag\u00f3n (SEMG Arag\u00f3n)<\/strong>. Un evento clave para la actualizaci\u00f3n en Atenci\u00f3n Primaria, donde se abordar\u00e1n temas de gran relevancia a trav\u00e9s de mesas redondas y ponencias de expertos.<\/p>\n\n\n\n<h2><strong>Programa<\/strong><\/h2>\n\n\n<div class=\"wp-block-image\">\n<figure class=\"aligncenter size-large\"><img loading=\"lazy\" width=\"1024\" height=\"722\" src=\"https:\/\/www.semgaragon.es\/web\/wp-content\/uploads\/2025\/05\/Captura-de-pantalla-2025-05-08-090711-1024x722.png\" alt=\"\" class=\"wp-image-4812\" srcset=\"https:\/\/www.semgaragon.es\/web\/wp-content\/uploads\/2025\/05\/Captura-de-pantalla-2025-05-08-090711-1024x722.png 1024w, https:\/\/www.semgaragon.es\/web\/wp-content\/uploads\/2025\/05\/Captura-de-pantalla-2025-05-08-090711-300x211.png 300w, https:\/\/www.semgaragon.es\/web\/wp-content\/uploads\/2025\/05\/Captura-de-pantalla-2025-05-08-090711-768x541.png 768w, https:\/\/www.semgaragon.es\/web\/wp-content\/uploads\/2025\/05\/Captura-de-pantalla-2025-05-08-090711.png 1118w\" sizes=\"(max-width: 1024px) 100vw, 1024px\" \/><\/figure><\/div>\n\n<div class=\"wp-block-image\">\n<figure class=\"aligncenter size-large\"><img loading=\"lazy\" width=\"1024\" height=\"726\" src=\"https:\/\/www.semgaragon.es\/web\/wp-content\/uploads\/2025\/05\/Captura-de-pantalla-2025-05-14-094039-1024x726.png\" alt=\"\" class=\"wp-image-4818\" srcset=\"https:\/\/www.semgaragon.es\/web\/wp-content\/uploads\/2025\/05\/Captura-de-pantalla-2025-05-14-094039-1024x726.png 1024w, https:\/\/www.semgaragon.es\/web\/wp-content\/uploads\/2025\/05\/Captura-de-pantalla-2025-05-14-094039-300x213.png 300w, https:\/\/www.semgaragon.es\/web\/wp-content\/uploads\/2025\/05\/Captura-de-pantalla-2025-05-14-094039-768x544.png 768w, https:\/\/www.semgaragon.es\/web\/wp-content\/uploads\/2025\/05\/Captura-de-pantalla-2025-05-14-094039.png 1171w\" sizes=\"(max-width: 1024px) 100vw, 1024px\" \/><\/figure><\/div>\n\n\n<p>Si quieres descargar el programa completo en formato PDF, haz click en el siguiente enlace:<\/p>\n\n\n\n<div class=\"wp-block-file\"><a id=\"wp-block-file--media-f9a7b242-7852-447e-b368-9519c54d24ee\" href=\"https:\/\/www.semgaragon.es\/web\/wp-content\/uploads\/2025\/05\/PROGRAMA-SEMG-ARAGON-2025-1.pdf\">PROGRAMA-SEMG-ARAGON-2025-1<\/a><a href=\"https:\/\/www.semgaragon.es\/web\/wp-content\/uploads\/2025\/05\/PROGRAMA-SEMG-ARAGON-2025-1.pdf\" class=\"wp-block-file__button\" download aria-describedby=\"wp-block-file--media-f9a7b242-7852-447e-b368-9519c54d24ee\">Descarga<\/a><\/div>\n\n\n\n<p>Adem\u00e1s, los <strong>m\u00e9dicos residentes<\/strong> podr\u00e1n participar mediante la presentaci\u00f3n de comunicaciones. Consulta la normativa para conocer los detalles.<\/p>\n\n\n\n<p>A continuaci\u00f3n encontrar\u00e1s los formularios y la documentaci\u00f3n que necesitas.<\/p>\n\n\n\n<p><strong>Enlaces de inter\u00e9s:<\/strong><\/p>\n\n\n\n<div class=\"wp-block-file\"><a id=\"wp-block-file--media-67c610a7-cf6f-4d56-bfc7-21a55126350b\" href=\"https:\/\/www.semgaragon.es\/web\/wp-content\/uploads\/2025\/03\/BOLETIN-INSCRIPCION.docx\">Formulario de inscripci\u00f3n<\/a><a href=\"https:\/\/www.semgaragon.es\/web\/wp-content\/uploads\/2025\/03\/BOLETIN-INSCRIPCION.docx\" class=\"wp-block-file__button\" download aria-describedby=\"wp-block-file--media-67c610a7-cf6f-4d56-bfc7-21a55126350b\">Descarga<\/a><\/div>\n\n\n\n<div class=\"wp-block-file\"><a id=\"wp-block-file--media-faaa991a-8ed8-47ec-b2ee-b2751cc864f6\" href=\"https:\/\/www.semgaragon.es\/web\/wp-content\/uploads\/2025\/03\/NORMATIVA-DE-ENVIO-DE-COMUNICACIONES-1.pdf\">NORMATIVA DE ENV\u00cdO DE COMUNICACIONES<\/a><a href=\"https:\/\/www.semgaragon.es\/web\/wp-content\/uploads\/2025\/03\/NORMATIVA-DE-ENVIO-DE-COMUNICACIONES-1.pdf\" class=\"wp-block-file__button\" download aria-describedby=\"wp-block-file--media-faaa991a-8ed8-47ec-b2ee-b2751cc864f6\">Descarga<\/a><\/div>\n\n\n\n<p>\u00a1No te lo pierdas! Te esperamos en Zaragoza para compartir conocimiento y experiencia en Atenci\u00f3n Primaria.<\/p>\n\n\n\n<p>Si vuestra comunicaci\u00f3n o p\u00f3ster ha sido admitido por el comit\u00e9, os dejamos el modelo de diapositivas correspondientes para que pod\u00e1is descargarlas:<\/p>\n\n\n\n<div class=\"wp-block-file\"><a id=\"wp-block-file--media-69e03b45-78ec-45b7-9223-bf307d5b7092\" href=\"https:\/\/www.semgaragon.es\/web\/wp-content\/uploads\/2025\/04\/Modelo-diapositivas-comunicaciones.pptx\">Modelo-diapositivas-comunicaciones<\/a><a href=\"https:\/\/www.semgaragon.es\/web\/wp-content\/uploads\/2025\/04\/Modelo-diapositivas-comunicaciones.pptx\" class=\"wp-block-file__button\" download aria-describedby=\"wp-block-file--media-69e03b45-78ec-45b7-9223-bf307d5b7092\">Descarga<\/a><\/div>\n\n\n\n<div class=\"wp-block-file\"><a id=\"wp-block-file--media-c2c78601-d32c-4029-bd40-862e80040a99\" href=\"https:\/\/www.semgaragon.es\/web\/wp-content\/uploads\/2025\/04\/Modelo-diapositivas-posteres.pptx\">Modelo-diapositivas-posteres<\/a><a href=\"https:\/\/www.semgaragon.es\/web\/wp-content\/uploads\/2025\/04\/Modelo-diapositivas-posteres.pptx\" class=\"wp-block-file__button\" download aria-describedby=\"wp-block-file--media-c2c78601-d32c-4029-bd40-862e80040a99\">Descarga<\/a><\/div>\n","protected":false},"excerpt":{"rendered":"","protected":false},"author":2,"featured_media":4795,"comment_status":"closed","ping_status":"","sticky":true,"template":"","format":"standard","meta":[],"categories":[38],"tags":[],"_links":{"self":[{"href":"https:\/\/www.semgaragon.es\/web\/wp-json\/wp\/v2\/posts\/4783"}],"collection":[{"href":"https:\/\/www.semgaragon.es\/web\/wp-json\/wp\/v2\/posts"}],"about":[{"href":"https:\/\/www.semgaragon.es\/web\/wp-json\/wp\/v2\/types\/post"}],"author":[{"embeddable":true,"href":"https:\/\/www.semgaragon.es\/web\/wp-json\/wp\/v2\/users\/2"}],"replies":[{"embeddable":true,"href":"https:\/\/www.semgaragon.es\/web\/wp-json\/wp\/v2\/comments?post=4783"}],"version-history":[{"count":10,"href":"https:\/\/www.semgaragon.es\/web\/wp-json\/wp\/v2\/posts\/4783\/revisions"}],"predecessor-version":[{"id":4821,"href":"https:\/\/www.semgaragon.es\/web\/wp-json\/wp\/v2\/posts\/4783\/revisions\/4821"}],"wp:featuredmedia":[{"embeddable":true,"href":"https:\/\/www.semgaragon.es\/web\/wp-json\/wp\/v2\/media\/4795"}],"wp:attachment":[{"href":"https:\/\/www.semgaragon.es\/web\/wp-json\/wp\/v2\/media?parent=4783"}],"wp:term":[{"taxonomy":"category","embeddable":true,"href":"https:\/\/www.semgaragon.es\/web\/wp-json\/wp\/v2\/categories?post=4783"},{"taxonomy":"post_tag","embeddable":true,"href":"https:\/\/www.semgaragon.es\/web\/wp-json\/wp\/v2\/tags?post=4783"}],"curies":[{"name":"wp","href":"https:\/\/api.w.org\/{rel}","templated":true}]}}