{"id":4755,"date":"2024-02-13T08:44:38","date_gmt":"2024-02-13T08:44:38","guid":{"rendered":"https:\/\/www.semgaragon.es\/web\/?p=4755"},"modified":"2024-02-13T08:44:38","modified_gmt":"2024-02-13T08:44:38","slug":"nueva-junta-semg-aragon","status":"publish","type":"post","link":"https:\/\/www.semgaragon.es\/web\/noticias\/nueva-junta-semg-aragon\/","title":{"rendered":"Nueva Junta\u00a0SEMG\u00a0Arag\u00f3n"},"content":{"rendered":"\n<p>Desde la Sociedad Espa\u00f1ola de M\u00e9dicos Generales y de Familia (SEMG),<br>quer\u00edamos comunicaros que el pasado mes de diciembre se llevaron a cabo<br>las elecciones para la Junta Directiva en Arag\u00f3n.<\/p>\n\n\n\n<p>Adjuntamos un archivo con los nuevos componentes de la misma.<\/p>\n\n\n\n<p>Asumimos esta nueva etapa con responsabilidad e ilusi\u00f3n. Esperamos poder<br>dar continuidad a los proyectos ya iniciados y tambi\u00e9n alcanzar nuevos<br>objetivos.&nbsp; Siempre con la finalidad de que nuestra especialidad siga<br>creciendo, poder ofrecer una Atenci\u00f3n Primaria de Calidad y que adem\u00e1s<br>reciba el reconocimiento que se merece.<\/p>\n\n\n\n<p>Por todo ello, adem\u00e1s de presentarnos, quer\u00edamos expresar nuestro deseo<br>de mantener una comunicaci\u00f3n activa con las Instituciones y ofrecernos a<br>colaborar en todo lo que est\u00e9 a nuestro alcance desde los distintos<br>Grupos de Trabajo que tiene la Sociedad, as\u00ed como de la Escuela de<br>Ecograf\u00eda.<\/p>\n\n\n\n<p>Nos gustar\u00eda tambi\u00e9n mencionar la C\u00e1tedra de Estilos de Vida y Promoci\u00f3n<br>de la Salud que&nbsp;SEMG&nbsp;tiene en la Universidad de Zaragoza, desde la que<br>tambi\u00e9n se ofertan actividades formativas a los alumnos de la<br>universidad, as\u00ed como apoyo para la elaboraci\u00f3n de la Tesis Doctoral.<\/p>\n\n\n\n<p>Un cordial saludo.<\/p>\n\n\n\n<p>En nombre de la Junta Directiva,<\/p>\n\n\n\n<p><strong>Paola Mart\u00ednez Ib\u00e1\u00f1ez.<\/strong><br>Presidenta\u00a0SEMG\u00a0Arag\u00f3n.<\/p>\n\n\n\n<figure class=\"wp-block-image size-large is-resized\"><img loading=\"lazy\" src=\"https:\/\/www.semgaragon.es\/web\/wp-content\/uploads\/2024\/02\/Foto-Paola-Martinez-1024x1024.jpg\" alt=\"\" class=\"wp-image-4756\" width=\"256\" height=\"256\" srcset=\"https:\/\/www.semgaragon.es\/web\/wp-content\/uploads\/2024\/02\/Foto-Paola-Martinez-1024x1024.jpg 1024w, https:\/\/www.semgaragon.es\/web\/wp-content\/uploads\/2024\/02\/Foto-Paola-Martinez-300x300.jpg 300w, https:\/\/www.semgaragon.es\/web\/wp-content\/uploads\/2024\/02\/Foto-Paola-Martinez-150x150.jpg 150w, https:\/\/www.semgaragon.es\/web\/wp-content\/uploads\/2024\/02\/Foto-Paola-Martinez-768x768.jpg 768w, https:\/\/www.semgaragon.es\/web\/wp-content\/uploads\/2024\/02\/Foto-Paola-Martinez-900x900.jpg 900w, https:\/\/www.semgaragon.es\/web\/wp-content\/uploads\/2024\/02\/Foto-Paola-Martinez.jpg 1535w\" sizes=\"(max-width: 256px) 100vw, 256px\" \/><\/figure>\n\n\n\n<div class=\"wp-block-file\"><object class=\"wp-block-file__embed\" data=\"https:\/\/www.semgaragon.es\/web\/wp-content\/uploads\/2024\/02\/JUNTA-DIRECTIVA-SEMG-ARAGON-2024-1.pdf\" type=\"application\/pdf\" style=\"width:100%;height:600px\" aria-label=\"Incrustado de JUNTA DIRECTIVA SEMG ARAGON 2024 .\"><\/object><a id=\"wp-block-file--media-c8ef5a2b-e053-4eb0-ab0b-794a4282fdcf\" href=\"https:\/\/www.semgaragon.es\/web\/wp-content\/uploads\/2024\/02\/JUNTA-DIRECTIVA-SEMG-ARAGON-2024-1.pdf\">JUNTA DIRECTIVA SEMG ARAGON 2024 <\/a><a href=\"https:\/\/www.semgaragon.es\/web\/wp-content\/uploads\/2024\/02\/JUNTA-DIRECTIVA-SEMG-ARAGON-2024-1.pdf\" class=\"wp-block-file__button\" download aria-describedby=\"wp-block-file--media-c8ef5a2b-e053-4eb0-ab0b-794a4282fdcf\">Descarga<\/a><\/div>\n","protected":false},"excerpt":{"rendered":"","protected":false},"author":1,"featured_media":4757,"comment_status":"closed","ping_status":"","sticky":false,"template":"","format":"standard","meta":[],"categories":[38],"tags":[],"_links":{"self":[{"href":"https:\/\/www.semgaragon.es\/web\/wp-json\/wp\/v2\/posts\/4755"}],"collection":[{"href":"https:\/\/www.semgaragon.es\/web\/wp-json\/wp\/v2\/posts"}],"about":[{"href":"https:\/\/www.semgaragon.es\/web\/wp-json\/wp\/v2\/types\/post"}],"author":[{"embeddable":true,"href":"https:\/\/www.semgaragon.es\/web\/wp-json\/wp\/v2\/users\/1"}],"replies":[{"embeddable":true,"href":"https:\/\/www.semgaragon.es\/web\/wp-json\/wp\/v2\/comments?post=4755"}],"version-history":[{"count":1,"href":"https:\/\/www.semgaragon.es\/web\/wp-json\/wp\/v2\/posts\/4755\/revisions"}],"predecessor-version":[{"id":4759,"href":"https:\/\/www.semgaragon.es\/web\/wp-json\/wp\/v2\/posts\/4755\/revisions\/4759"}],"wp:featuredmedia":[{"embeddable":true,"href":"https:\/\/www.semgaragon.es\/web\/wp-json\/wp\/v2\/media\/4757"}],"wp:attachment":[{"href":"https:\/\/www.semgaragon.es\/web\/wp-json\/wp\/v2\/media?parent=4755"}],"wp:term":[{"taxonomy":"category","embeddable":true,"href":"https:\/\/www.semgaragon.es\/web\/wp-json\/wp\/v2\/categories?post=4755"},{"taxonomy":"post_tag","embeddable":true,"href":"https:\/\/www.semgaragon.es\/web\/wp-json\/wp\/v2\/tags?post=4755"}],"curies":[{"name":"wp","href":"https:\/\/api.w.org\/{rel}","templated":true}]}}