{"id":2583,"date":"2016-06-15T10:02:21","date_gmt":"2016-06-15T10:02:21","guid":{"rendered":"http:\/\/149.62.173.57\/~samg2019\/?p=2583"},"modified":"2016-06-15T10:45:58","modified_gmt":"2016-06-15T10:45:58","slug":"compartiendo-espacios-de-vacunacion-y-manejo-del-paciente-cronico-2","status":"publish","type":"post","link":"https:\/\/www.semgaragon.es\/web\/noticias\/compartiendo-espacios-de-vacunacion-y-manejo-del-paciente-cronico-2\/","title":{"rendered":"Compartiendo espacios de vacunaci\u00f3n y manejo del paciente cr\u00f3nico"},"content":{"rendered":"<p><strong>PRESENTACI\u00d3N<\/strong><\/p>\n<p>La actividad formativa \u201c<strong>Compartiendo espacios en vacunaci\u00f3n y manejo del paciente cr\u00f3nico<\/strong>\u201d ofrece al m\u00e9dico de familia una actualizaci\u00f3n suficiente y necesaria dados los \u00faltimos avances de investigaci\u00f3n, novedades farmacol\u00f3gicas y modificaci\u00f3n de consensos<br \/>\ninternacionales en el abordaje del paciente cr\u00f3nico en Atenci\u00f3n Primaria. Busca conseguir una adecuada asistencia m\u00e9dica, de mayor calidad y eficiencia, mediante la obtenci\u00f3n, por parte del profesional alumno, de habilidades terap\u00e9uticas que le permitan un mejor control de las enfermedades, prevenir las complicaciones y mejorar la calidad de vida del paciente.<\/p>\n<p><strong>OBJETIVOS<\/strong><\/p>\n<p>\u2022 <strong>Mejorar el grado de conocimiento de los profesionales sanitarios<\/strong> de atenci\u00f3n primaria, sobre el manejo del paciente cr\u00f3nico.<br \/>\n\u2022 <strong>Facilitar la toma de decisiones<\/strong> respecto a estos pacientes y valorar la vacunaci\u00f3n como parte de su cuidado global.<br \/>\n\u2022 <strong>Diagn\u00f3stico radiol\u00f3gico y valoraci\u00f3n adecuada<\/strong> del paciente cr\u00f3nico con enfermedades infecciosas.<br \/>\n<strong>\u2022 Realizar el diagn\u00f3stico diferencial.<\/strong><\/p>\n<p><strong>INSCRIPCIONES:<br \/>\n<\/strong><br \/>\nPor invitaci\u00f3n directa del Laboratorio patrocinador PFIZER o por correo electr\u00f3nico:<a href=\"mailto:secretaria@samg.es\">secretaria@samg.es<\/a><\/p>\n<p>Actividad formativa mixta, formada por un m\u00f3dulo presencial y un m\u00f3dulo online.<\/p>\n<p><strong>M\u00d3DULO PRESENCIAL<\/strong><br \/>\nDuraci\u00f3n de 4h lectivas en jornada de tarde con arreglo al siguiente programa:<\/p>\n<p>16:00 &#8211; 16:10<br \/>\nMemoria de Actividad. Definici\u00f3n de objetivos. Documentaci\u00f3n Inicial<\/p>\n<p>16:10-19:10<strong><br \/>\nManejo de Enfermedades Infecciosas en AP<br \/>\n<\/strong><br \/>\n<strong>\u00c1rea Cl\u00ednica 1<br \/>\nAbordaje en la consulta<\/strong><br \/>\nDr. Juan Antonio Trigueros Carrero<br \/>\nMAP del CS Menasalbas &#8211; Toledo<\/p>\n<p><strong>\u00c1rea Cl\u00ednica 2<br \/>\nDiagn\u00f3stico radiol\u00f3gico<\/strong><br \/>\nDr. Jos\u00e9 Carlos S\u00e1nchez S\u00e1nchez<br \/>\nRadiologo Hosp. de Poniente &#8211; Almeria<\/p>\n<p>19:10 -19:45<br \/>\nLa vacunaci\u00f3n en AP del paciente cr\u00f3nico<\/p>\n<p>19:45-20:00<br \/>\nConclusiones y clausura<\/p>\n<p><strong>M\u00d3DULO ONLINE<\/strong><\/p>\n<p>En la plataforma digital SEMG se destina un espacio espec\u00edfico<br \/>\npara los contenidos b\u00e1sicos del curso, registro de asistentes, evaluaci\u00f3n<br \/>\nonline y obtenci\u00f3n en su caso de los cr\u00e9ditos formativos concedidos a esta<br \/>\nactividad.<br \/>\nLa plataforma estar\u00e1 operativa desde el inicio de los m\u00f3dulos<br \/>\npresenciales hasta 2 meses despu\u00e9s de realizado el \u00faltimo<br \/>\nm\u00f3dulo presencial. Los alumnos acceden mediante una clave asignada<br \/>\nal finalizar el m\u00f3dulo presencial y dispone de 2 meses para cumplimentar<br \/>\nla evaluaci\u00f3n, requisito imprescindible para conseguir la acreditaci\u00f3n.<\/p>\n<p><strong>COMIT\u00c9 CIENT\u00cdFICO<\/strong><br \/>\nDr. Manuel Carmona Calder\u00f3n<br \/>\nDra. Isabel Jimeno Sanz<br \/>\nDr. Francisco Llave Gamero<br \/>\nDr. Jos\u00e9 Carlos S\u00e1nchez S\u00e1nchez<br \/>\nDr. Juan Antonio Trigueros Carrero<br \/>\nDr. Diego A. Vargas Ortega<br \/>\nDr. Vicente Palomo Sanz<\/p>\n<p><img loading=\"lazy\" class=\"alignnone size-medium wp-image-2251\" src=\"http:\/\/149.62.173.57\/~samg2019\/wp-content\/uploads\/2016\/06\/vaculogos-180x300.jpg\" alt=\"vaculogos\" width=\"180\" height=\"300\" \/><\/p>\n","protected":false},"excerpt":{"rendered":"","protected":false},"author":1,"featured_media":2252,"comment_status":"open","ping_status":"open","sticky":false,"template":"","format":"standard","meta":[],"categories":[38],"tags":[],"_links":{"self":[{"href":"https:\/\/www.semgaragon.es\/web\/wp-json\/wp\/v2\/posts\/2583"}],"collection":[{"href":"https:\/\/www.semgaragon.es\/web\/wp-json\/wp\/v2\/posts"}],"about":[{"href":"https:\/\/www.semgaragon.es\/web\/wp-json\/wp\/v2\/types\/post"}],"author":[{"embeddable":true,"href":"https:\/\/www.semgaragon.es\/web\/wp-json\/wp\/v2\/users\/1"}],"replies":[{"embeddable":true,"href":"https:\/\/www.semgaragon.es\/web\/wp-json\/wp\/v2\/comments?post=2583"}],"version-history":[{"count":1,"href":"https:\/\/www.semgaragon.es\/web\/wp-json\/wp\/v2\/posts\/2583\/revisions"}],"predecessor-version":[{"id":2584,"href":"https:\/\/www.semgaragon.es\/web\/wp-json\/wp\/v2\/posts\/2583\/revisions\/2584"}],"wp:featuredmedia":[{"embeddable":true,"href":"https:\/\/www.semgaragon.es\/web\/wp-json\/wp\/v2\/media\/2252"}],"wp:attachment":[{"href":"https:\/\/www.semgaragon.es\/web\/wp-json\/wp\/v2\/media?parent=2583"}],"wp:term":[{"taxonomy":"category","embeddable":true,"href":"https:\/\/www.semgaragon.es\/web\/wp-json\/wp\/v2\/categories?post=2583"},{"taxonomy":"post_tag","embeddable":true,"href":"https:\/\/www.semgaragon.es\/web\/wp-json\/wp\/v2\/tags?post=2583"}],"curies":[{"name":"wp","href":"https:\/\/api.w.org\/{rel}","templated":true}]}}