{"id":2404,"date":"2016-06-10T16:12:56","date_gmt":"2016-06-10T16:12:56","guid":{"rendered":"http:\/\/149.62.173.57\/~samg2019\/?p=2404"},"modified":"2022-06-27T09:43:17","modified_gmt":"2022-06-27T09:43:17","slug":"la-catedra-semg-pfizer-esta-presente-en-el-congreso-nacional-de-semg-en-granada","status":"publish","type":"post","link":"https:\/\/www.semgaragon.es\/web\/catedra\/la-catedra-semg-pfizer-esta-presente-en-el-congreso-nacional-de-semg-en-granada\/","title":{"rendered":"La C\u00e1tedra SEMG-Pfizer est\u00e1 presente en el Congreso Nacional de SEMG en Granada"},"content":{"rendered":"<p class=\"txt_azul_16\"><span class=\"txt_gris\"><strong>01 Julio 2010<br \/>\n<\/strong><\/span><\/p>\n<p class=\"txt_gris_inter\">Durante el desarrollo del Congreso Nacional e Internacional de la SEMG en Granada, las c\u00e1tedras de Medicina de familia de nuestra Sociedad han estado muy presentes con sus actividades. La C\u00e1tedra Zaragozana ha participado en dicho Congreso en 3 actividades. La primera en la presentaci\u00f3n de 2 estudios epidemiol\u00f3gicos de muy reciente confecci\u00f3n, Estudio \u00abHispania \u00abde seguimiento observacional en prevenci\u00f3n secundaria de una cohorte y ver la influencia de los Estilos de Vida en la aparici\u00f3n de un segundo episodio cardiovascular y que se abrir\u00e1 pr\u00f3ximamente en la p\u00e1gina web de SEMG y la presentaci\u00f3n de un estudio de opini\u00f3n mediante encuestas que se realiz\u00f3 en 5 Universidades espa\u00f1olas (Facultades de Medicina) para conocer el inter\u00e9s por nuestra especialidad en los estudiantes de 5\u00ba de Medicina y adem\u00e1s conocer sus principales Estilos de Vida. Otra actividad fue la presentaci\u00f3n de una visi\u00f3n de la nueva ense\u00f1anza de la Medicina a raiz de la adopci\u00f3n del sistema de ense\u00f1anza del Espacio Europeo de Educaci\u00f3n Superior, m\u00e1s conocido como Plan Bolonia y que ya ha sido puesto en marcha en muchas facultades. Una tercera participaci\u00f3n fue en el llamado Espacio del residente en donde, a trav\u00e9s de un taller de Entrevista Cl\u00ednica, pudimos compartir con los numerosos residentes en nuestra especialidad las mejores t\u00e9cnicas en Comunicaci\u00f3n para el beneficio de profesionales y pacientes. Como puede verse la participaci\u00f3n de nuestra C\u00e1tedra se deja sentir en los \u00e1mbitos formativos y de opini\u00f3n en donde nos corresponde estar presentes.<\/p>\n","protected":false},"excerpt":{"rendered":"","protected":false},"author":1,"featured_media":0,"comment_status":"closed","ping_status":"closed","sticky":false,"template":"","format":"standard","meta":[],"categories":[40],"tags":[],"_links":{"self":[{"href":"https:\/\/www.semgaragon.es\/web\/wp-json\/wp\/v2\/posts\/2404"}],"collection":[{"href":"https:\/\/www.semgaragon.es\/web\/wp-json\/wp\/v2\/posts"}],"about":[{"href":"https:\/\/www.semgaragon.es\/web\/wp-json\/wp\/v2\/types\/post"}],"author":[{"embeddable":true,"href":"https:\/\/www.semgaragon.es\/web\/wp-json\/wp\/v2\/users\/1"}],"replies":[{"embeddable":true,"href":"https:\/\/www.semgaragon.es\/web\/wp-json\/wp\/v2\/comments?post=2404"}],"version-history":[{"count":1,"href":"https:\/\/www.semgaragon.es\/web\/wp-json\/wp\/v2\/posts\/2404\/revisions"}],"predecessor-version":[{"id":2405,"href":"https:\/\/www.semgaragon.es\/web\/wp-json\/wp\/v2\/posts\/2404\/revisions\/2405"}],"wp:attachment":[{"href":"https:\/\/www.semgaragon.es\/web\/wp-json\/wp\/v2\/media?parent=2404"}],"wp:term":[{"taxonomy":"category","embeddable":true,"href":"https:\/\/www.semgaragon.es\/web\/wp-json\/wp\/v2\/categories?post=2404"},{"taxonomy":"post_tag","embeddable":true,"href":"https:\/\/www.semgaragon.es\/web\/wp-json\/wp\/v2\/tags?post=2404"}],"curies":[{"name":"wp","href":"https:\/\/api.w.org\/{rel}","templated":true}]}}