{"id":2394,"date":"2016-06-10T16:03:40","date_gmt":"2016-06-10T16:03:40","guid":{"rendered":"http:\/\/149.62.173.57\/~samg2019\/?p=2394"},"modified":"2022-06-27T09:43:29","modified_gmt":"2022-06-27T09:43:29","slug":"la-catedra-semg-pfizer-renueva-su-convenio-de-colaboracion-con-la-universidad-de-zaragoza","status":"publish","type":"post","link":"https:\/\/www.semgaragon.es\/web\/catedra\/la-catedra-semg-pfizer-renueva-su-convenio-de-colaboracion-con-la-universidad-de-zaragoza\/","title":{"rendered":"La C\u00e1tedra SEMG-Pfizer renueva su convenio de colaboraci\u00f3n con la Universidad de Zaragoza"},"content":{"rendered":"<p><strong>30 Septiembre 2009<\/strong><\/p>\n<p class=\"txt_gris_inter\">La C\u00e1tedra que dirige el Profesor D. Pedro C\u00eda G\u00f3mez de Estilos de Vida y Comunicaci\u00f3n en Salud se ha merecido, tras la buena gesti\u00f3n del a\u00f1o anterior, la renovaci\u00f3n del convenio de colaboraci\u00f3n por un a\u00f1o m\u00e1s. La firma del nuevo convenio ha contado con el benepl\u00e1cito del Presidente de SEMG, Benjam\u00edn Abarca, la Vicerectora de Asuntos Institucionales, Pilar Zaragoza y el Consejero Secretario de Pficer, Vicente Fern\u00e1ndez. La C\u00e1tedra persite en su af\u00e1n de concienciar tantoa la clase m\u00e9dica como a la Sociedad en general de la importancia que los Estilos de Vida tienen en el mantenimiento de buenos niveles de Salud, as\u00ed como fomentar t\u00e9cnicas y habilidades comunicacionales entre los profesionales de la Medicina y su relaci\u00f3n con los Medios de Comunicaci\u00f3n socio-sanitaria.<\/p>\n<p class=\"txt_gris_inter\"><a href=\"http:\/\/149.62.173.57\/~samg2019\/wp-content\/uploads\/2016\/06\/convenio.pdf\">Convenio de colaboraci\u00f3n<\/a><\/p>\n","protected":false},"excerpt":{"rendered":"","protected":false},"author":1,"featured_media":0,"comment_status":"closed","ping_status":"closed","sticky":false,"template":"","format":"standard","meta":[],"categories":[40],"tags":[],"_links":{"self":[{"href":"https:\/\/www.semgaragon.es\/web\/wp-json\/wp\/v2\/posts\/2394"}],"collection":[{"href":"https:\/\/www.semgaragon.es\/web\/wp-json\/wp\/v2\/posts"}],"about":[{"href":"https:\/\/www.semgaragon.es\/web\/wp-json\/wp\/v2\/types\/post"}],"author":[{"embeddable":true,"href":"https:\/\/www.semgaragon.es\/web\/wp-json\/wp\/v2\/users\/1"}],"replies":[{"embeddable":true,"href":"https:\/\/www.semgaragon.es\/web\/wp-json\/wp\/v2\/comments?post=2394"}],"version-history":[{"count":1,"href":"https:\/\/www.semgaragon.es\/web\/wp-json\/wp\/v2\/posts\/2394\/revisions"}],"predecessor-version":[{"id":2396,"href":"https:\/\/www.semgaragon.es\/web\/wp-json\/wp\/v2\/posts\/2394\/revisions\/2396"}],"wp:attachment":[{"href":"https:\/\/www.semgaragon.es\/web\/wp-json\/wp\/v2\/media?parent=2394"}],"wp:term":[{"taxonomy":"category","embeddable":true,"href":"https:\/\/www.semgaragon.es\/web\/wp-json\/wp\/v2\/categories?post=2394"},{"taxonomy":"post_tag","embeddable":true,"href":"https:\/\/www.semgaragon.es\/web\/wp-json\/wp\/v2\/tags?post=2394"}],"curies":[{"name":"wp","href":"https:\/\/api.w.org\/{rel}","templated":true}]}}