{"id":2388,"date":"2016-06-10T16:01:48","date_gmt":"2016-06-10T16:01:48","guid":{"rendered":"http:\/\/149.62.173.57\/~samg2019\/?p=2388"},"modified":"2022-06-27T09:42:49","modified_gmt":"2022-06-27T09:42:49","slug":"campus-catedras-semg","status":"publish","type":"post","link":"https:\/\/www.semgaragon.es\/web\/catedra\/campus-catedras-semg\/","title":{"rendered":"Campus C\u00e1tedras SEMG"},"content":{"rendered":"<p class=\"txt_gris_inter\"><strong><span class=\"txt_azul_16\">Santiago de Compostela.<br \/>\n<\/span><span class=\"txt_gris_13\"><br \/>\n<\/span><span class=\"txt_naranja_13\">Del 24 al 26 de septiembre de 2009<br \/>\n(Facultad de Medicina de la USC)<\/span><\/strong><\/p>\n<p class=\"txt_gris_inter\"><span class=\"txt_naranja_13\">PRESENTACI\u00d3N<\/span><br \/>\nEn nuestro af\u00e1n de desarrollar sistemas formativos que permitan el m\u00e1ximo<br \/>\naprovechamiento docente, manteniendo un alto nivel de calidad la Sociedad Espa\u00f1ola<br \/>\nde Medicina General en colaboraci\u00f3n con la Universidad de Santiago de Compostela<br \/>\na trav\u00e9s de su \u201cC\u00e1tedra SEMG de Medicina de Familia\u201d te ofrece un programa formativo<br \/>\npr\u00e1ctico con una ratio docente \/ discente muy ajustada que permite una actulalizaci\u00f3n<br \/>\npersonalizada en las t\u00e9cnicas y procedimientos que realizas habitualmente<br \/>\nen tu consulta. Esta actividad formativa tienes solicitada la acreditaci\u00f3n al Sistema<br \/>\nEspa\u00f1ol de Acreditaci\u00f3n de la Formaci\u00f3n M\u00e9dica Continuada \u201cSEAFORMEC\u201d y la podr\u00e1s<br \/>\ndesarrollarla de manera intensiva a lo largo de tres d\u00edas en la Facultad de Medicina<br \/>\nde la Universidad de Santiago de Compostela.<\/p>\n<p class=\"txt_gris_inter\">M\u00e1s informaci\u00f3n<br \/>\n<a href=\"http:\/\/www.campus-semg.com\/\" target=\"_blank\" rel=\"noopener\">http:\/\/www.campus-semg.com<\/a><\/p>\n<p class=\"txt_gris_inter\"><img loading=\"lazy\" class=\"alignnone size-full wp-image-2389\" src=\"http:\/\/149.62.173.57\/~samg2019\/wp-content\/uploads\/2016\/06\/sello_acreditacion_01.gif\" alt=\"sello_acreditacion_01\" width=\"150\" height=\"45\" \/> <img loading=\"lazy\" class=\"alignnone size-medium wp-image-2390\" src=\"http:\/\/149.62.173.57\/~samg2019\/wp-content\/uploads\/2016\/06\/thumbnail-5.jpg\" alt=\"thumbnail\" width=\"140\" height=\"89\" \/><\/p>\n<p class=\"txt_gris_inter\"><a href=\"http:\/\/149.62.173.57\/~samg2019\/wp-content\/uploads\/2016\/06\/programa-1-1.pdf\">Ver rograma\u00a0<\/a><\/p>\n","protected":false},"excerpt":{"rendered":"","protected":false},"author":1,"featured_media":2392,"comment_status":"closed","ping_status":"closed","sticky":false,"template":"","format":"standard","meta":[],"categories":[40],"tags":[],"_links":{"self":[{"href":"https:\/\/www.semgaragon.es\/web\/wp-json\/wp\/v2\/posts\/2388"}],"collection":[{"href":"https:\/\/www.semgaragon.es\/web\/wp-json\/wp\/v2\/posts"}],"about":[{"href":"https:\/\/www.semgaragon.es\/web\/wp-json\/wp\/v2\/types\/post"}],"author":[{"embeddable":true,"href":"https:\/\/www.semgaragon.es\/web\/wp-json\/wp\/v2\/users\/1"}],"replies":[{"embeddable":true,"href":"https:\/\/www.semgaragon.es\/web\/wp-json\/wp\/v2\/comments?post=2388"}],"version-history":[{"count":2,"href":"https:\/\/www.semgaragon.es\/web\/wp-json\/wp\/v2\/posts\/2388\/revisions"}],"predecessor-version":[{"id":4279,"href":"https:\/\/www.semgaragon.es\/web\/wp-json\/wp\/v2\/posts\/2388\/revisions\/4279"}],"wp:featuredmedia":[{"embeddable":true,"href":"https:\/\/www.semgaragon.es\/web\/wp-json\/wp\/v2\/media\/2392"}],"wp:attachment":[{"href":"https:\/\/www.semgaragon.es\/web\/wp-json\/wp\/v2\/media?parent=2388"}],"wp:term":[{"taxonomy":"category","embeddable":true,"href":"https:\/\/www.semgaragon.es\/web\/wp-json\/wp\/v2\/categories?post=2388"},{"taxonomy":"post_tag","embeddable":true,"href":"https:\/\/www.semgaragon.es\/web\/wp-json\/wp\/v2\/tags?post=2388"}],"curies":[{"name":"wp","href":"https:\/\/api.w.org\/{rel}","templated":true}]}}