{"id":2386,"date":"2016-06-10T15:59:39","date_gmt":"2016-06-10T15:59:39","guid":{"rendered":"http:\/\/149.62.173.57\/~samg2019\/?p=2386"},"modified":"2022-06-27T09:43:37","modified_gmt":"2022-06-27T09:43:37","slug":"la-catedra-semg-pfizer-de-estilos-de-vida-y-comunicacion-en-salud-de-la-universidad-de-zaragoza-convoca-un-premio-nacional-al-mejor-trabajo-en-educacion-para-la-salud","status":"publish","type":"post","link":"https:\/\/www.semgaragon.es\/web\/catedra\/la-catedra-semg-pfizer-de-estilos-de-vida-y-comunicacion-en-salud-de-la-universidad-de-zaragoza-convoca-un-premio-nacional-al-mejor-trabajo-en-educacion-para-la-salud\/","title":{"rendered":"La C\u00e1tedra SEMG-Pfizer de Estilos de Vida y Comunicaci\u00f3n en Salud de la Universidad de Zaragoza convoca un premio nacional al mejor trabajo en Educaci\u00f3n para la Salud."},"content":{"rendered":"<p class=\"txt_azul_16\"><span class=\"txt_gris\"><strong>01 Septiembre 2009<br \/>\n<\/strong><\/span><\/p>\n<p class=\"txt_gris_inter\">La C\u00e1tedra SEMG-Pizer de Estilos de Vida y Comunicaci\u00f3n para la la Salud de la Universidad de Zaragoza ha convocado, dentro del plan de actividades para 2009-2010, un premio nacional al mejor trabajo en educaci\u00f3n para la salud publicado durante 2009. Los trabajos podr\u00e1n ser enviados hasta febrero de 2010. En archivo anexo se ofrecen las normas de la convocatoria.<\/p>\n","protected":false},"excerpt":{"rendered":"","protected":false},"author":1,"featured_media":0,"comment_status":"closed","ping_status":"closed","sticky":false,"template":"","format":"standard","meta":[],"categories":[40],"tags":[],"_links":{"self":[{"href":"https:\/\/www.semgaragon.es\/web\/wp-json\/wp\/v2\/posts\/2386"}],"collection":[{"href":"https:\/\/www.semgaragon.es\/web\/wp-json\/wp\/v2\/posts"}],"about":[{"href":"https:\/\/www.semgaragon.es\/web\/wp-json\/wp\/v2\/types\/post"}],"author":[{"embeddable":true,"href":"https:\/\/www.semgaragon.es\/web\/wp-json\/wp\/v2\/users\/1"}],"replies":[{"embeddable":true,"href":"https:\/\/www.semgaragon.es\/web\/wp-json\/wp\/v2\/comments?post=2386"}],"version-history":[{"count":1,"href":"https:\/\/www.semgaragon.es\/web\/wp-json\/wp\/v2\/posts\/2386\/revisions"}],"predecessor-version":[{"id":2387,"href":"https:\/\/www.semgaragon.es\/web\/wp-json\/wp\/v2\/posts\/2386\/revisions\/2387"}],"wp:attachment":[{"href":"https:\/\/www.semgaragon.es\/web\/wp-json\/wp\/v2\/media?parent=2386"}],"wp:term":[{"taxonomy":"category","embeddable":true,"href":"https:\/\/www.semgaragon.es\/web\/wp-json\/wp\/v2\/categories?post=2386"},{"taxonomy":"post_tag","embeddable":true,"href":"https:\/\/www.semgaragon.es\/web\/wp-json\/wp\/v2\/tags?post=2386"}],"curies":[{"name":"wp","href":"https:\/\/api.w.org\/{rel}","templated":true}]}}