{"id":2377,"date":"2016-06-10T15:54:35","date_gmt":"2016-06-10T15:54:35","guid":{"rendered":"http:\/\/149.62.173.57\/~samg2019\/?p=2377"},"modified":"2022-06-27T09:43:53","modified_gmt":"2022-06-27T09:43:53","slug":"segunda-actividad-de-la-catedra-semg-pfizer-de-la-universidad-de-zaragoza","status":"publish","type":"post","link":"https:\/\/www.semgaragon.es\/web\/catedra\/segunda-actividad-de-la-catedra-semg-pfizer-de-la-universidad-de-zaragoza\/","title":{"rendered":"Segunda actividad de la C\u00e1tedra SEMG-Pfizer de la Universidad de Zaragoza"},"content":{"rendered":"<p><span class=\"txt_gris\"><strong>15 Enero 2009<br \/>\n<\/strong><\/span><\/p>\n<p class=\"txt_gris_inter\">M\u00e9dicos y pacientes se re\u00fanen para analizar los problemas de comunicaci\u00f3n en su relaci\u00f3n y proponer soluciones El encuentro, llevado a cabo en el marco de la C\u00e1tedra SEMG-Pfizer de Estilos de Vida y Comunicaci\u00f3n de la Universidad de Zaragoza, es el primer paso para la elaboraci\u00f3n de un informe completo sobre estos aspectos que se dar\u00e1 a conocer en las pr\u00f3ximas semanas. INFOMEDPRESS. &#8211; de enero de 2009. Representantes de asociaciones de pacientes cr\u00f3nicos se han reunido, en el marco de la C\u00e1tedra SEMG-Pfizer de Estilos de vida y Comunicaci\u00f3n en salud de la Universidad de Zaragoza, con m\u00e9dicos del primer nivel asistencial con el objetivo de intercambiar opiniones entre los dos colectivos sobre los problemas de comunicaci\u00f3n en la relaci\u00f3n m\u00e9dico-paciente y establecer estrategias de manejo y soluciones a los problemas encontrados. Los pacientes se han mostrado satisfechos con la iniciativa y han destacado que siempre es positivo e interesante reflexionar sobre la problem\u00e1tica de comunicaci\u00f3n en esta relaci\u00f3n, puesto que como enfermos cr\u00f3nicos visitan al m\u00e9dico general y de familia casi todos los meses y al especialista por lo menos cada dos o tres meses. El doctor Jos\u00e9 Manuel Cucal\u00f3n, coordinador de esta reuni\u00f3n, destaca que desde la Sociedad Espa\u00f1ola de M\u00e9dicos Generales y de Familia (SEMG) siempre ha existido la preocupaci\u00f3n por optimizar la relaci\u00f3n m\u00e9dico-paciente y es a trav\u00e9s de este tipo de acciones, contando con la participaci\u00f3n activa de los pacientes, de la revisi\u00f3n del material aportado y las conclusiones obtenidas que se pueden dise\u00f1ar e implantar estrategias concretas de mejora. Problemas de entendimiento o falta de empat\u00eda, dificultades para entender el lenguaje del m\u00e9dico por parte del paciente o viceversa, la falta de preparaci\u00f3n de la visita por los pacientes o las barreras f\u00edsicas son algunos de los obst\u00e1culos m\u00e1s frecuentes que impiden una relaci\u00f3n fluida entre estas dos figuras, que no son nada la una sin la otra, han manifestado los asistentes a la reuni\u00f3n. Ambos colectivos, m\u00e9dicos y pacientes se han mostrado satisfechos de protagonizar este primer paso para mejorar su relaci\u00f3n y poder establecer en el futuro estrategias concretas para canalizar las propuestas alcanzadas. En la reuni\u00f3n se utiliz\u00f3 la t\u00e9cnica de moderaci\u00f3n grupal del metapl\u00e1n que involucra a todos los participantes y se vivi\u00f3 un clima de entendimiento com\u00fan que es el que se quiere trasladar a la consulta. Por la parte de los pacientes, asistieron representantes de las asociaciones de ictus, sida, enfermedades reum\u00e1ticas, del sue\u00f1o, Alzheimer y otras enfermedades mentales, y por el colectivo m\u00e9dico representantes de la atenci\u00f3n urbana, rural, pedi\u00e1trica, privada y relativa a medicinas alternativas. Javier Sanz, representante de la Asociaci\u00f3n de Afectados de Enfermedades Reum\u00e1ticas de Arag\u00f3n (ADARA) se\u00f1alaba esta reuni\u00f3n como un primer paso para mejorar la relaci\u00f3n m\u00e9dico-paciente y plantear estrategias y soluciones, algunas generales como aumentar la inversi\u00f3n en sanidad y otras m\u00e1s concretas como eliminar barreras f\u00edsicas en las consultas o que el paciente aprenda a preparar bien las preguntas que debe formular al m\u00e9dico, coincidiendo con lo manifestado por los otros representantes de pacientes consultados. El informe completo con las conclusiones estar\u00e1 listo en unas semanas para su posterior valoraci\u00f3n y puesta en com\u00fan. La C\u00e1tedra SEMG-Pfizer de Estilos de Vida y Comunicaci\u00f3n en Salud ha dise\u00f1ado esta actividad dentro de su programa para este curso de formaci\u00f3n, desarrollo e investigaci\u00f3n en el \u00e1mbito de la salud comunitaria.<\/p>\n<p class=\"txt_gris_inter\"><a href=\"http:\/\/149.62.173.57\/~samg2019\/wp-content\/uploads\/2016\/06\/Catedra-SEMG.-Resultados-I-focus-group.pdf\">Catedra SEMG. Resultados I focus group<\/a><\/p>\n","protected":false},"excerpt":{"rendered":"","protected":false},"author":1,"featured_media":0,"comment_status":"closed","ping_status":"closed","sticky":false,"template":"","format":"standard","meta":[],"categories":[40],"tags":[],"_links":{"self":[{"href":"https:\/\/www.semgaragon.es\/web\/wp-json\/wp\/v2\/posts\/2377"}],"collection":[{"href":"https:\/\/www.semgaragon.es\/web\/wp-json\/wp\/v2\/posts"}],"about":[{"href":"https:\/\/www.semgaragon.es\/web\/wp-json\/wp\/v2\/types\/post"}],"author":[{"embeddable":true,"href":"https:\/\/www.semgaragon.es\/web\/wp-json\/wp\/v2\/users\/1"}],"replies":[{"embeddable":true,"href":"https:\/\/www.semgaragon.es\/web\/wp-json\/wp\/v2\/comments?post=2377"}],"version-history":[{"count":1,"href":"https:\/\/www.semgaragon.es\/web\/wp-json\/wp\/v2\/posts\/2377\/revisions"}],"predecessor-version":[{"id":2379,"href":"https:\/\/www.semgaragon.es\/web\/wp-json\/wp\/v2\/posts\/2377\/revisions\/2379"}],"wp:attachment":[{"href":"https:\/\/www.semgaragon.es\/web\/wp-json\/wp\/v2\/media?parent=2377"}],"wp:term":[{"taxonomy":"category","embeddable":true,"href":"https:\/\/www.semgaragon.es\/web\/wp-json\/wp\/v2\/categories?post=2377"},{"taxonomy":"post_tag","embeddable":true,"href":"https:\/\/www.semgaragon.es\/web\/wp-json\/wp\/v2\/tags?post=2377"}],"curies":[{"name":"wp","href":"https:\/\/api.w.org\/{rel}","templated":true}]}}