{"id":2233,"date":"2016-06-15T08:08:18","date_gmt":"2016-06-15T08:08:18","guid":{"rendered":"http:\/\/149.62.173.57\/~samg2019\/?p=2233"},"modified":"2023-11-03T10:57:10","modified_gmt":"2023-11-03T10:57:10","slug":"actividades-semg-aragon-2013","status":"publish","type":"post","link":"https:\/\/www.semgaragon.es\/web\/noticias\/actividades-semg-aragon-2013\/","title":{"rendered":"Actividades SEMG Arag\u00f3n 2013"},"content":{"rendered":"<div class=\"txt_gris_inter\">\n<div>\n<p class=\"txt_azul_16\" align=\"center\"><strong>RELACIONES INSTITUCIONALES<\/strong><\/p>\n<\/div>\n<p>Presentaci\u00f3n en el Paraninfo de la Universidad de Zaragoza, el 18 de enero, del <strong>\u201dXX Congreso Nacional de Medicina General y de Familia\u201d<\/strong> que se celebrara en Zaragoza del 22 al 25 de mayo de 2013, a los medios de comunicaci\u00f3n se celebro en Zaragoza un Pleno de Semg.<\/p>\n<p>Entrevistas y reuniones, a lo largo del a\u00f1o, con responsables sanitarios del Departamento de Sanidad del Gobierno de Arag\u00f3n, Facultad de Medicina, Cortes de Arag\u00f3n, Colegios de Medicos de Arag\u00f3n, Servicio Aragones de Salud, Delegaci\u00f3n del Gobierno en Arag\u00f3n,&nbsp; para organizar la representaci\u00f3n institucional en el <strong>\u201dXX Congreso Nacional de Medicina General y de Familia\u201d<\/strong> que se celebr\u00f3 en la ciudad de Zaragoza, del 22 al 25 de mayo de 2013. Especialmente la participaci\u00f3n en la Mesa sobre la problem\u00e1tica de los APD y la participaci\u00f3n del representante del Ministerio de Sanidad.<\/p>\n<p>Trabajo y aportaci\u00f3n de los miembros de la SEMG Arag\u00f3n en la preparaci\u00f3n y desarrollo del <strong>\u201dXX Congreso Nacional de Medicina General y de Familia\u201d<\/strong> del 22 al 25 de mayo de 2013.<\/p>\n<p>Diversas reuniones con el equipo directivo del Servicio Aragones de Salud, junto con Semergen Arag\u00f3n, para eliminar las trabas burocr\u00e1ticas mantenidas en Arag\u00f3n, para la no <strong>prescripci\u00f3n de los nuevos NACOS por parte de los m\u00e9dicos de familia.<\/strong><\/p>\n<p>Reuni\u00f3n del Servicio Aragones de Salud con las tres sociedades de Atenci\u00f3n Primaria para elaborar <strong>protocolos de actuaci\u00f3n terap\u00e9utica en determinados grupos, inici\u00e1ndose por los IBP<\/strong>.<\/p>\n<p>Reuniones con representantes de la industria farmac\u00e9utica para buscar ayuda para organizar actividades.<\/p>\n<p>&nbsp;<\/p>\n<p>Reuni\u00f3n con el Vocal Nacional de Atenci\u00f3n Primaria Urbana de la OMC, los colegios de M\u00e9dicos de Arag\u00f3n, las sociedades de familia y pediatr\u00eda y los sindicatos M\u00e9dicos de Arag\u00f3n para instar a la constituci\u00f3n del Foro de la Profesi\u00f3n en Arag\u00f3n.<\/p>\n<p><strong>Jornada de presentaci\u00f3n de la SEMG-Arag\u00f3n a los nuevos residentes de la Especialidad de Medicina Familiar y Comunitaria<\/strong>, celebrada en Zaragoza.<\/p>\n<p>Reuni\u00f3n con del Consejo Aragon\u00e9s de RCP y Presentaci\u00f3n del Protocolo sobre el&nbsp; manejo de la Fibrilaci\u00f3n Auricular en Urgencias.<\/p>\n<p>Colaboraci\u00f3n solicitada desde la Direcci\u00f3n de Atenci\u00f3n Primaria del Servicio Aragon\u00e9s de Salud para la elaboraci\u00f3n de la <strong>Gesti\u00f3n de la demanda por enfermer\u00eda de atenci\u00f3n primaria en Arag\u00f3n.<\/strong><\/p>\n<p>Colaboraci\u00f3n solicitada desde la Direcci\u00f3n de Atenci\u00f3n Primaria del Servicio Aragon\u00e9s de Salud en la <strong>Elaboraci\u00f3n de un nuevo documento de solicitud de colonoscopias desde los Equipos de Atenci\u00f3n Primaria.<\/strong><\/p>\n<p>Participaci\u00f3n con el <strong>Instituto Aragones de Ciencias de la Salud (IACS)<\/strong> en un proyecto de Compromiso por la calidad de las Sociedades Medicas.<\/p>\n<div>\n<p class=\"txt_azul_16\" align=\"center\"><strong><u>OTRAS ACTIVIDADES<\/u><\/strong><\/p>\n<\/div>\n<p>Participaci\u00f3n de Guadalupe Blay, como responsable nacional de la SEMG, en el programa NAOS y el Observatorio de la nutrici\u00f3n por parte de SEMG,&nbsp; en 2 reuniones en el Ministerio de Sanidad, durante este a\u00f1o 2013.<br \/>\n<u><\/u><br \/>\nParticipaci\u00f3n de M\u00aa Victoria Burgos, como representante de la SEMG en el Comit\u00e9 T\u00e9cnico del foro sobre la estrategia Nacional en Salud Sexual y Reproductiva del Ministerio de Sanidad.<\/p>\n<p>Video conferencia sobre anticoncepci\u00f3n, el d\u00eda 3 de diciembre sobre la teor\u00eda y el 17 de un caso pr\u00e1ctico.<\/p>\n<div><strong><u>Cursos de Ecograf\u00eda<\/u><\/strong><\/div>\n<p>Durante los meses de mayo y junio de&nbsp;2013, se han impartido dos cursos de Introducci\u00f3n a la Ecograf\u00eda, el primero para la Unidad Docente del \u00e1rea de Zaragoza I, para m\u00e9dicos residente de cuarto curso y el segundo para m\u00e9dicos de la Unidad Docente del \u00e1rea III y m\u00e9dicos del Centro de Salud de Utrillas (Teruel).<\/p>\n<p><strong><u>&nbsp;<\/u><\/strong><\/p>\n<p><strong><u>Taller practico sobre el uso e implantaci\u00f3n de la Receta Electr\u00f3nica<\/u><\/strong><u> <\/u>en los Equipos de atenci\u00f3n Primaria en&nbsp; Arag\u00f3n, 11 de abril.<\/p>\n<p>Por parte de la <strong><u>C\u00c1TEDRA<\/u><\/strong>durante este a\u00f1o 2013 se han realizado las siguientes actividades:<\/p>\n<ol>\n<li>Actividad precongresual, con escolares, junto con la SEMG-Arag\u00f3n sobre \u201c<strong><em>Comer sano, aprender jugando\u201d.<\/em><\/strong><\/li>\n<li>Actividades intracongresuales: Mesa de C\u00e1tedras.<\/li>\n<li><strong><u>Actividades docentes<\/u><\/strong>: Asignatura optativa de la Facultad de Medicina: <strong>Estilos de Vida y Comunicaci\u00f3n en Salud<\/strong>. 3 Cr\u00e9ditos (30 horas lectivas).<\/li>\n<li><strong><u>Actividad Investigadora<\/u><\/strong>: Publicaci\u00f3n del art\u00edculo <strong>Testamento vital y muerte digna en Fundaci\u00f3n Educaci\u00f3n M\u00e9dica<\/strong>. Env\u00edo para publicaci\u00f3n del art\u00edculo \u201c<strong>Control de los FRCV para cardiopat\u00eda isqu\u00e9mica en Arag\u00f3n: Cocina Study\u201d<\/strong>.&nbsp; Env\u00edo para publicaci\u00f3n a la revista de SEMG \u201cMedicina General y de Familia\u201d del art\u00edculo: \u201c<strong>Estilos de Vida en estudiantes de 5\u00ba de Medicina: Una especial sensibilidad?\u201d<\/strong>. &nbsp;Elaboraci\u00f3n de un estudio sobre el dolor en universitarios (en fase de an\u00e1lisis).<\/li>\n<li>Reuniones institucionales: B\u00fasqueda de recambio en miembros de la c\u00e1tedra y director de la misma por baja por enfermedad del actual. Se han mantenido reuniones con el Decanato, el Departamento de Medicina y la Junta directiva de SEMG-Arag\u00f3n.<\/li>\n<\/ol>\n<\/div>\n","protected":false},"excerpt":{"rendered":"","protected":false},"author":1,"featured_media":4617,"comment_status":"open","ping_status":"open","sticky":false,"template":"","format":"standard","meta":[],"categories":[38],"tags":[],"_links":{"self":[{"href":"https:\/\/www.semgaragon.es\/web\/wp-json\/wp\/v2\/posts\/2233"}],"collection":[{"href":"https:\/\/www.semgaragon.es\/web\/wp-json\/wp\/v2\/posts"}],"about":[{"href":"https:\/\/www.semgaragon.es\/web\/wp-json\/wp\/v2\/types\/post"}],"author":[{"embeddable":true,"href":"https:\/\/www.semgaragon.es\/web\/wp-json\/wp\/v2\/users\/1"}],"replies":[{"embeddable":true,"href":"https:\/\/www.semgaragon.es\/web\/wp-json\/wp\/v2\/comments?post=2233"}],"version-history":[{"count":2,"href":"https:\/\/www.semgaragon.es\/web\/wp-json\/wp\/v2\/posts\/2233\/revisions"}],"predecessor-version":[{"id":4618,"href":"https:\/\/www.semgaragon.es\/web\/wp-json\/wp\/v2\/posts\/2233\/revisions\/4618"}],"wp:featuredmedia":[{"embeddable":true,"href":"https:\/\/www.semgaragon.es\/web\/wp-json\/wp\/v2\/media\/4617"}],"wp:attachment":[{"href":"https:\/\/www.semgaragon.es\/web\/wp-json\/wp\/v2\/media?parent=2233"}],"wp:term":[{"taxonomy":"category","embeddable":true,"href":"https:\/\/www.semgaragon.es\/web\/wp-json\/wp\/v2\/categories?post=2233"},{"taxonomy":"post_tag","embeddable":true,"href":"https:\/\/www.semgaragon.es\/web\/wp-json\/wp\/v2\/tags?post=2233"}],"curies":[{"name":"wp","href":"https:\/\/api.w.org\/{rel}","templated":true}]}}