{"id":2226,"date":"2016-06-15T08:04:21","date_gmt":"2016-06-15T08:04:21","guid":{"rendered":"http:\/\/149.62.173.57\/~samg2019\/?p=2226"},"modified":"2023-11-03T10:57:27","modified_gmt":"2023-11-03T10:57:27","slug":"xv-jornadas-de-la-semg-aragon","status":"publish","type":"post","link":"https:\/\/www.semgaragon.es\/web\/noticias\/xv-jornadas-de-la-semg-aragon\/","title":{"rendered":"XV Jornadas de la Semg-Arag\u00f3n"},"content":{"rendered":"<p class=\"txt_azul_16\"><a class=\"azul_azul\" href=\"http:\/\/samg.es\/web\/doc\/introduccion_talleres_congreso.pdf\" target=\"_blank\" rel=\"noopener\">Introduci\u00f3n a los Talleres de Salud Cardiovascualar.<\/a><\/p>\n<p><a class=\"azul_azul\" href=\"http:\/\/samg.es\/web\/doc\/anticoagulante_orales_en_ap.pdf\" target=\"_blank\" rel=\"noopener\"><br \/>\nAntigoagulaci\u00f3n en Atenci\u00f3n Primaria.<\/a><br \/>\n<a class=\"azul_azul\" href=\"http:\/\/samg.es\/web\/doc\/paciente_de_alto_riesgo_cardiovascular.pdf\" target=\"_blank\" rel=\"noopener\"><br \/>\nPaciente de alto riesgo cardiovascualar<\/a><\/p>\n<p><strong>COMUNICACIONES:<\/strong><\/p>\n<p><a class=\"azul_azul\" href=\"http:\/\/samg.es\/web\/doc\/prescipcion.pdf\" target=\"_blank\" rel=\"noopener\">An\u00e1lisis de prescripci\u00f3n mediante receta electr\u00f3nica en dos centros de salud urbanos y problemas generados<\/a><\/p>\n<p><a class=\"azul_azul\" href=\"http:\/\/samg.es\/web\/doc\/diabetes.pdf\" target=\"_blank\" rel=\"noopener\">Diabetes: conocen nuestros pacientes su enfermedad<\/a><\/p>\n<p><a class=\"azul_azul\" href=\"http:\/\/samg.es\/web\/doc\/hemorragiadigestiva.pdf\" target=\"_blank\" rel=\"noopener\">\u00bfEs adecuada la prescripci\u00f3n de Inhibidores de la Bomba de Protones en el paciente con Hemorragia Digestiva Alta?<\/a><\/p>\n<p><strong><br \/>\nTALLERES:<\/strong><br \/>\n<a class=\"azul_azul\" href=\"http:\/\/samg.es\/web\/doc\/pie.pdf\" target=\"_blank\" rel=\"noopener\"><br \/>\nPie diab\u00e9tico<\/a><\/p>\n<p><a class=\"azul_azul\" href=\"http:\/\/samg.es\/web\/doc\/intimamedia.pdf\" target=\"_blank\" rel=\"noopener\">Medici\u00f3n del grosor de&nbsp; la \u00edntima- media.<\/a><\/p>\n<p><a class=\"azul_azul\" href=\"http:\/\/samg.es\/web\/doc\/ampamapa.pdf\" target=\"_blank\" rel=\"noopener\">AMPA\/MAPA .Monitorizaci\u00f3n de la presi\u00f3n arterial fuera de la consulta<\/a><\/p>\n<p>&nbsp;<\/p>\n<p><strong>POSTERS:<\/strong><\/p>\n<p><a class=\"azul_azul\" href=\"http:\/\/samg.es\/web\/doc\/masqueunalumbalgia.pdf\" target=\"_blank\" rel=\"noopener\">M\u00e1s que una Lumbalgia<\/a><\/p>\n<p><a class=\"azul_azul\" href=\"http:\/\/samg.es\/web\/doc\/comportamiento.pdf\" target=\"_blank\" rel=\"noopener\">Comportamiento an\u00f3malo como manifestaci\u00f3n de una encefalitis herp\u00e9tica<\/a><\/p>\n<p><a class=\"azul_azul\" href=\"http:\/\/samg.es\/web\/doc\/contractura.pdf\" target=\"_blank\" rel=\"noopener\">Contractura trapecio y p\u00e9rdida de fuerza<\/a><\/p>\n<p><a class=\"azul_azul\" href=\"http:\/\/samg.es\/web\/doc\/cefaleatensional.pdf\" target=\"_blank\" rel=\"noopener\">\u00bfUna simple cefalea tensional?<\/a><\/p>\n<p><a class=\"azul_azul\" href=\"http:\/\/samg.es\/web\/doc\/hipotiroidismoanciano.pdf\" target=\"_blank\" rel=\"noopener\">La importancia de lo que parece irrelevante&#8230;hipotiroidismo en el anciano<\/a><\/p>\n<p><a class=\"azul_azul\" href=\"http:\/\/samg.es\/web\/doc\/hemitorax.pdf\" target=\"_blank\" rel=\"noopener\">Dolor en hemit\u00f3rax y hombro derecho en paciente joven: No siempre de origen mec\u00e1nico<\/a><\/p>\n<p><a class=\"azul_azul\" href=\"http:\/\/samg.es\/web\/doc\/hiperferritinemia.pdf\" target=\"_blank\" rel=\"noopener\">Hiperferritinemia en paciente asintom\u00e1tico<\/a><\/p>\n<p><a class=\"azul_azul\" href=\"http:\/\/samg.es\/web\/doc\/aneurismatica.pdf\" target=\"_blank\" rel=\"noopener\">Fuga aneurismatica en atencion primaria<\/a><\/p>\n<p><a class=\"azul_azul\" href=\"http:\/\/samg.es\/web\/doc\/minuto.pdf\" target=\"_blank\" rel=\"noopener\">En un minuto\u2026 todo cambia.<\/a><\/p>\n<p><a class=\"azul_azul\" href=\"http:\/\/samg.es\/web\/doc\/efectossecundarios.pdf\">Cuando los efectos secundarios nos confunden<\/a><\/p>\n<p><a class=\"azul_azul\" href=\"http:\/\/samg.es\/web\/doc\/vertigo.pdf\" target=\"_blank\" rel=\"noopener\">V\u00e9rtigo perif\u00e9rico\u2026 \u00bfImporta la exploraci\u00f3n?<\/a><\/p>\n<p><a class=\"azul_azul\" href=\"http:\/\/samg.es\/web\/doc\/scasest.pdf\" target=\"_blank\" rel=\"noopener\">SCASEST en paciente con mal control de FRCV<\/a><\/p>\n<p><a class=\"azul_azul\" href=\"http:\/\/samg.es\/web\/doc\/dolorabdominalecografia.pdf\" target=\"_blank\" rel=\"noopener\">Dolor abdominal y ecografia en un centro de salud rural<\/a><\/p>\n<p><a class=\"azul_azul\" href=\"http:\/\/samg.es\/web\/doc\/hidrosadenitis.pdf\" target=\"_blank\" rel=\"noopener\">A prop\u00f3sito de un caso de hidrosadenitis supurativa\u2026<\/a><\/p>\n<p><a class=\"azul_azul\" href=\"http:\/\/samg.es\/web\/doc\/dolortoracico.pdf\" target=\"_blank\" rel=\"noopener\">Dolor tor\u00e1cico \u00bfosteomuscular?<\/a><\/p>\n<p><a class=\"azul_azul\" href=\"http:\/\/samg.es\/web\/doc\/hipertension.pdf\" target=\"_blank\" rel=\"noopener\">\u201cHipertensi\u00f3n arterial refractaria\u2026 suma y sigue\u201d<\/a><\/p>\n<p><a class=\"azul_azul\" href=\"http:\/\/samg.es\/web\/doc\/.pdf\" target=\"_blank\" rel=\"noopener\">Dolor abdominal que alerta: la sospecha de una isquemia intestinal<\/a><\/p>\n<p><a class=\"azul_azul\" href=\"http:\/\/samg.es\/web\/doc\/fibrilacion.pdf\" target=\"_blank\" rel=\"noopener\">\u201cFibrilaci\u00f3n auricular: demasiado r\u00e1pido o demasiado lento\u2026 \u00bfqu\u00e9 hacemos entonces?\u201d<\/a><\/p>\n","protected":false},"excerpt":{"rendered":"","protected":false},"author":1,"featured_media":4619,"comment_status":"open","ping_status":"open","sticky":false,"template":"","format":"standard","meta":[],"categories":[38],"tags":[],"_links":{"self":[{"href":"https:\/\/www.semgaragon.es\/web\/wp-json\/wp\/v2\/posts\/2226"}],"collection":[{"href":"https:\/\/www.semgaragon.es\/web\/wp-json\/wp\/v2\/posts"}],"about":[{"href":"https:\/\/www.semgaragon.es\/web\/wp-json\/wp\/v2\/types\/post"}],"author":[{"embeddable":true,"href":"https:\/\/www.semgaragon.es\/web\/wp-json\/wp\/v2\/users\/1"}],"replies":[{"embeddable":true,"href":"https:\/\/www.semgaragon.es\/web\/wp-json\/wp\/v2\/comments?post=2226"}],"version-history":[{"count":3,"href":"https:\/\/www.semgaragon.es\/web\/wp-json\/wp\/v2\/posts\/2226\/revisions"}],"predecessor-version":[{"id":4620,"href":"https:\/\/www.semgaragon.es\/web\/wp-json\/wp\/v2\/posts\/2226\/revisions\/4620"}],"wp:featuredmedia":[{"embeddable":true,"href":"https:\/\/www.semgaragon.es\/web\/wp-json\/wp\/v2\/media\/4619"}],"wp:attachment":[{"href":"https:\/\/www.semgaragon.es\/web\/wp-json\/wp\/v2\/media?parent=2226"}],"wp:term":[{"taxonomy":"category","embeddable":true,"href":"https:\/\/www.semgaragon.es\/web\/wp-json\/wp\/v2\/categories?post=2226"},{"taxonomy":"post_tag","embeddable":true,"href":"https:\/\/www.semgaragon.es\/web\/wp-json\/wp\/v2\/tags?post=2226"}],"curies":[{"name":"wp","href":"https:\/\/api.w.org\/{rel}","templated":true}]}}