{"id":2223,"date":"2016-06-15T08:03:36","date_gmt":"2016-06-15T08:03:36","guid":{"rendered":"http:\/\/149.62.173.57\/~samg2019\/?p=2223"},"modified":"2016-06-15T10:50:31","modified_gmt":"2016-06-15T10:50:31","slug":"vision-multidisciplinar-de-los-nuevos-anticoagulantes-orales","status":"publish","type":"post","link":"https:\/\/www.semgaragon.es\/web\/noticias\/vision-multidisciplinar-de-los-nuevos-anticoagulantes-orales\/","title":{"rendered":"Visi\u00f3n multidisciplinar de los nuevos anticoagulantes orales"},"content":{"rendered":"<p class=\"txt_gris_inter\"><strong>Intervienen:<\/strong><br \/>\n<strong>Dr Pedro Corona<\/strong>. Cardi\u00f3logo. Hospital General de la Defensa.<br \/>\nZaragoza.<br \/>\nIntroducci\u00f3n y patolog\u00eda de FA. Abordaje de los Nuevos<br \/>\nAnticoagulantes Orales y sus principales diferencias.<\/p>\n<p><strong>Dra. Olga Gav\u00edn. <\/strong>Hemat\u00f3logo. Hospital Cl\u00ednico Universitario \u201dLozano<br \/>\nBlesa\u201d. Zaragoza.<br \/>\nSeguridad y control biol\u00f3gico de los Nuevos Anticoagulantes Orales.<\/p>\n<p><strong>Dra M\u00aa Victoria Fustero.<\/strong> M\u00e9dico de Familia. CS Valdespartera.<br \/>\nZaragoza.<\/p>\n<p>Inicio y manejo de los Nuevos Anticoagulantes Orales en Atenci\u00f3n<br \/>\nPrimaria: Casos cl\u00ednicos.<\/p>\n<p class=\"txt_gris_inter\">Debate y turno de preguntas.<\/p>\n<p>Posteriormente se servir\u00e1 un cocktail a los asistentes<\/p>\n<p class=\"txt_gris_inter\">D\u00eda 27 de Enero de 2014, lunes, a las 18,00 horas en las aulas de formaci\u00f3n del Colegio de M\u00e9dicos, C\/ Ana Isabel Herrero, 3 (antigua C\/ J. Com\u00edn). Zaragoza.<\/p>\n<p class=\"txt_gris_inter\"><strong>Presentaciones:<br \/>\n<\/strong><a class=\"azul_azul\" href=\"http:\/\/www.samg.es\/web\/img\/anticoagulantes..pdf\" target=\"_blank\">Nuevos Anticoagulantes. Seguridad y Control Biol\u00f3gico. Dra Olga Gav\u00edn<br \/>\n<\/a><a class=\"azul_azul\" href=\"http:\/\/www.samg.es\/web\/img\/primaria.pdf\" target=\"_blank\">Nuevos Anticoagulantes Orales en Atenci\u00f3n Primaria. Dra M.Victoria Fustero<\/a><\/p>\n","protected":false},"excerpt":{"rendered":"","protected":false},"author":1,"featured_media":2224,"comment_status":"open","ping_status":"open","sticky":false,"template":"","format":"standard","meta":[],"categories":[38],"tags":[],"_links":{"self":[{"href":"https:\/\/www.semgaragon.es\/web\/wp-json\/wp\/v2\/posts\/2223"}],"collection":[{"href":"https:\/\/www.semgaragon.es\/web\/wp-json\/wp\/v2\/posts"}],"about":[{"href":"https:\/\/www.semgaragon.es\/web\/wp-json\/wp\/v2\/types\/post"}],"author":[{"embeddable":true,"href":"https:\/\/www.semgaragon.es\/web\/wp-json\/wp\/v2\/users\/1"}],"replies":[{"embeddable":true,"href":"https:\/\/www.semgaragon.es\/web\/wp-json\/wp\/v2\/comments?post=2223"}],"version-history":[{"count":1,"href":"https:\/\/www.semgaragon.es\/web\/wp-json\/wp\/v2\/posts\/2223\/revisions"}],"predecessor-version":[{"id":2225,"href":"https:\/\/www.semgaragon.es\/web\/wp-json\/wp\/v2\/posts\/2223\/revisions\/2225"}],"wp:featuredmedia":[{"embeddable":true,"href":"https:\/\/www.semgaragon.es\/web\/wp-json\/wp\/v2\/media\/2224"}],"wp:attachment":[{"href":"https:\/\/www.semgaragon.es\/web\/wp-json\/wp\/v2\/media?parent=2223"}],"wp:term":[{"taxonomy":"category","embeddable":true,"href":"https:\/\/www.semgaragon.es\/web\/wp-json\/wp\/v2\/categories?post=2223"},{"taxonomy":"post_tag","embeddable":true,"href":"https:\/\/www.semgaragon.es\/web\/wp-json\/wp\/v2\/tags?post=2223"}],"curies":[{"name":"wp","href":"https:\/\/api.w.org\/{rel}","templated":true}]}}