{"id":2201,"date":"2016-06-15T07:20:07","date_gmt":"2016-06-15T07:20:07","guid":{"rendered":"http:\/\/149.62.173.57\/~samg2019\/?p=2201"},"modified":"2016-06-15T10:52:06","modified_gmt":"2016-06-15T10:52:06","slug":"junta-directiva-semg-aragon","status":"publish","type":"post","link":"https:\/\/www.semgaragon.es\/web\/noticias\/junta-directiva-semg-aragon\/","title":{"rendered":"Junta Directiva SEMG-ARAG\u00d3N"},"content":{"rendered":"<table class=\"txt_gris\" border=\"1\" width=\"100%\" cellspacing=\"0\" cellpadding=\"5\">\n<tbody>\n<tr>\n<td colspan=\"3\" height=\"40\">\n<p align=\"center\"><strong>JUNTA DIRECTIVA SEMG ARAGON\u00a0 26 MARZO 2011<\/strong><\/p>\n<\/td>\n<\/tr>\n<tr>\n<td valign=\"top\" bgcolor=\"#ededed\" width=\"426\">\n<p align=\"center\"><strong>Cargo<\/strong><\/p>\n<\/td>\n<td valign=\"top\" bgcolor=\"#ededed\" width=\"402\">\n<p align=\"center\"><strong>Nombre y apellidos<\/strong><\/p>\n<\/td>\n<td valign=\"top\" bgcolor=\"#ededed\" width=\"185\">\n<p align=\"center\"><strong>e.mail<\/strong><\/p>\n<\/td>\n<\/tr>\n<tr>\n<td valign=\"top\">Presidente<\/td>\n<td valign=\"top\">Leandro Catal\u00e1n Sesma<\/td>\n<td valign=\"top\">lcatalan@semg.es<\/td>\n<\/tr>\n<tr>\n<td valign=\"top\">Vicepresidente<\/td>\n<td valign=\"top\">Antonio Oto Negre<\/td>\n<td valign=\"top\">aloto55@hotmail.com<\/td>\n<\/tr>\n<tr>\n<td valign=\"top\">Secretario<\/td>\n<td valign=\"top\">Jes\u00fas Guti\u00e9rrez Garc\u00eda<\/td>\n<td valign=\"top\">jgutierrezg@able.es<\/td>\n<\/tr>\n<tr>\n<td valign=\"top\">Tesorero<\/td>\n<td valign=\"top\">M\u00aa Aurita Aur\u00eda Lamb\u00e1n<\/td>\n<td valign=\"top\">aurita_auria@yahoo.es<\/td>\n<\/tr>\n<tr>\n<td valign=\"top\">Vocal\u00a0 1 \u2013 Residentes MF y C<\/td>\n<td valign=\"top\">Paola Mart\u00ednez Ib\u00e1\u00f1ez<\/td>\n<td valign=\"top\">paola_mi83@hotmail.com<\/td>\n<\/tr>\n<tr>\n<td valign=\"top\">Vocal\u00a0 2 \u2013 Relaciones con Industria Farmac\u00e9utica<\/td>\n<td valign=\"top\">Marino Franco Portero<\/td>\n<td valign=\"top\">mfranco@samg.es<\/td>\n<\/tr>\n<tr>\n<td valign=\"top\">Vocal\u00a0 3 &#8211; Congreso\/Jornadas<\/td>\n<td valign=\"top\">Vicente Compaired Arag\u00fc\u00e9s<\/td>\n<td valign=\"top\">Vcompaired@hotmail.com<\/td>\n<\/tr>\n<tr>\n<td valign=\"top\">Vocal\u00a0 4 &#8211; Formaci\u00f3n<\/td>\n<td valign=\"top\">Carlos Martinez Casanova<\/td>\n<td valign=\"top\">Sergiobabyro@hotmail.es<\/td>\n<\/tr>\n<tr>\n<td valign=\"top\">Vocal\u00a0 5 &#8211; Huesca<\/td>\n<td valign=\"top\">Maria Victoria Burgos D\u00edaz<\/td>\n<td valign=\"top\">mvburgos@telefonica.net<\/td>\n<\/tr>\n<tr>\n<td valign=\"top\">Vocal\u00a0 6 &#8211; Teruel<\/td>\n<td valign=\"top\">Carlos Ascoz Herrando<\/td>\n<td valign=\"top\">cpascoz@terra.es<\/td>\n<\/tr>\n<tr>\n<td valign=\"top\" bgcolor=\"#ededed\">\n<p align=\"center\"><strong>Escuelas<\/strong><\/p>\n<\/td>\n<td valign=\"top\" bgcolor=\"#ededed\"><\/td>\n<td valign=\"top\" bgcolor=\"#ededed\"><\/td>\n<\/tr>\n<tr>\n<td valign=\"top\">Ecograf\u00eda<\/td>\n<td valign=\"top\">Manuel Granado Gonzalez<\/td>\n<td valign=\"top\">manu.gran@hotmail.es<\/td>\n<\/tr>\n<tr>\n<td valign=\"top\">Investigaci\u00f3n<\/td>\n<td valign=\"top\">Ana del Gallego Molias<\/td>\n<td valign=\"top\">ana_del_gallego@hotmail.com<\/td>\n<\/tr>\n<tr>\n<td valign=\"top\">Calidad y Seguridad cl\u00ednica<\/td>\n<td valign=\"top\">M\u00aa Victoria Fustero Fern\u00e1ndez<\/td>\n<td valign=\"top\">fusterofer@yahoo.es<\/td>\n<\/tr>\n<tr>\n<td valign=\"top\">Gesti\u00f3n<\/td>\n<td valign=\"top\">Emilio Jim\u00e9nez Mar\u00edn<\/td>\n<td valign=\"top\">ejimema@gmail.com<\/td>\n<\/tr>\n<tr>\n<td valign=\"top\" bgcolor=\"#ededed\">\n<p align=\"center\"><strong>Otros<\/strong><\/p>\n<\/td>\n<td valign=\"top\" bgcolor=\"#ededed\"><\/td>\n<td valign=\"top\" bgcolor=\"#ededed\"><\/td>\n<\/tr>\n<tr>\n<td valign=\"top\">C\u00e1tedra Semg\/Semg Solidaria<\/td>\n<td valign=\"top\">Jose Manuel Cucal\u00f3n<\/td>\n<td valign=\"top\">jcucalona@semg.es<\/td>\n<\/tr>\n<\/tbody>\n<\/table>\n<p>&nbsp;<\/p>\n","protected":false},"excerpt":{"rendered":"","protected":false},"author":1,"featured_media":2231,"comment_status":"open","ping_status":"open","sticky":false,"template":"","format":"standard","meta":[],"categories":[38],"tags":[],"_links":{"self":[{"href":"https:\/\/www.semgaragon.es\/web\/wp-json\/wp\/v2\/posts\/2201"}],"collection":[{"href":"https:\/\/www.semgaragon.es\/web\/wp-json\/wp\/v2\/posts"}],"about":[{"href":"https:\/\/www.semgaragon.es\/web\/wp-json\/wp\/v2\/types\/post"}],"author":[{"embeddable":true,"href":"https:\/\/www.semgaragon.es\/web\/wp-json\/wp\/v2\/users\/1"}],"replies":[{"embeddable":true,"href":"https:\/\/www.semgaragon.es\/web\/wp-json\/wp\/v2\/comments?post=2201"}],"version-history":[{"count":3,"href":"https:\/\/www.semgaragon.es\/web\/wp-json\/wp\/v2\/posts\/2201\/revisions"}],"predecessor-version":[{"id":2255,"href":"https:\/\/www.semgaragon.es\/web\/wp-json\/wp\/v2\/posts\/2201\/revisions\/2255"}],"wp:featuredmedia":[{"embeddable":true,"href":"https:\/\/www.semgaragon.es\/web\/wp-json\/wp\/v2\/media\/2231"}],"wp:attachment":[{"href":"https:\/\/www.semgaragon.es\/web\/wp-json\/wp\/v2\/media?parent=2201"}],"wp:term":[{"taxonomy":"category","embeddable":true,"href":"https:\/\/www.semgaragon.es\/web\/wp-json\/wp\/v2\/categories?post=2201"},{"taxonomy":"post_tag","embeddable":true,"href":"https:\/\/www.semgaragon.es\/web\/wp-json\/wp\/v2\/tags?post=2201"}],"curies":[{"name":"wp","href":"https:\/\/api.w.org\/{rel}","templated":true}]}}