{"id":2195,"date":"2016-06-09T15:29:37","date_gmt":"2016-06-09T15:29:37","guid":{"rendered":"http:\/\/149.62.173.57\/~samg2019\/?p=2195"},"modified":"2022-06-27T09:44:16","modified_gmt":"2022-06-27T09:44:16","slug":"ii-campeonato-de-espana-de-ciclismo-para-medicos","status":"publish","type":"post","link":"https:\/\/www.semgaragon.es\/web\/noticias\/ii-campeonato-de-espana-de-ciclismo-para-medicos\/","title":{"rendered":"II Campeonato de Espa\u00f1a de Ciclismo para M\u00e9dicos"},"content":{"rendered":"<p><span style=\"font-family: arial, helvetica, sans-serif;\">Por segundo a\u00f1o consecutivo el Club Ciclista Ebro de Zaragoza ha puesto en marcha el Campeonato de Espa\u00f1a de Ciclismo para M\u00e9dicos.<\/span><\/p>\n<p><span style=\"font-family: arial, helvetica, sans-serif;\">El pasado a\u00f1o 2009, con el extraordinario apoyo -casi exclusivode SEMG Arag\u00f3n, logramos hacer realidad una inciativa \u00fanica dirigida al colectivo m\u00e9dico, en la que nadie antes hab\u00eda invertido el m\u00ednimo esfuerzo. En la propia ceremonia de clausura del Campeonato 2009 el Club Ciclista Ebro anunci\u00f3 la celebraci\u00f3n de la edici\u00f3n 2010 en Arag\u00f3n. Esta vez, con el apoyo institucional del Consejo General de Colegios M\u00e9dicos de Espa\u00f1a, de los Colegios de M\u00e9dicos de Arag\u00f3n, del SALUD, de la C\u00e1tredra SEMG de Estilos de Vida y por supuesto con SEMG Arag\u00f3n, ofertamos una segunda edici\u00f3n de esta convocatoria m\u00e9dica que espeamos tenga, cuando menos la misma acogida que tuvo en su nacimiento. La predisposici\u00f3n de la mayor parte de aquellos pioneros que disputaron el primer t\u00edtulo en Zaragoza as\u00ed lo han manifestado. Os esperamos en Zaragoza el pr\u00f3ximo 13 de junio -domingo- en esta fiesta del ciclismo y de la profesi\u00f3n m\u00e9dica. Club Ciclista Ebro \/ Zaragoza Recorrido absolutamente llano en sus primeros 20 Kms. Siguen 15 kms de subida sostenida al 1,5%.<\/span><\/p>\n<p><span style=\"font-family: arial, helvetica, sans-serif;\">El punto m\u00e1s exigente es una rampa de un kil\u00f3metro al 4% en las inmediaciones de Perdiguera. El resto son algunos toboganes y bajada hasta Villamayor. Despu\u00e9s, 5 Kms de llano total. La meta est\u00e1 en una recta de unos 300 metros,en el mismo punto de salida.<\/span><\/p>\n<p align=\"left\"><span style=\"font-family: arial, helvetica, sans-serif;\">Se trata de una competici\u00f3n oficial bajo la reglamentaci\u00f3n de la Federaci\u00f3n Espa\u00f1ola de Ciclismo.<\/span><\/p>\n<p align=\"left\"><b><span style=\"font-family: arial, helvetica, sans-serif;\">Ser\u00e1 condici\u00f3n indispensable <\/span><\/b><span style=\"font-family: arial, helvetica, sans-serif;\">para participar estar en posesi\u00f3n de licencia federativa del 2010 de cualquier categor\u00eda de todas las que emite la RFEC: Cicloturista, M\u00e1ster, Veterano, Elite, Auxiliar de equipo, M\u00e9dico, Director,etc.<\/span><\/p>\n<p align=\"left\"><span style=\"font-family: arial, helvetica, sans-serif;\"><strong>INSCRIPCIONES<\/strong><\/span><\/p>\n<p align=\"left\"><span style=\"font-family: arial, helvetica, sans-serif;\">Enviando los datos que se solicitan en la hoja de inscripci\u00f3nque aparece en la web del Club Ciclista Ebro, bien a: campeonatomedicos yahoo.es o a la direcci\u00f3n postal: C.C. Ebro. Calle Enrique Oss\u00f3,9.Local 6. 50017-ZARAGOZA<\/span><\/p>\n","protected":false},"excerpt":{"rendered":"","protected":false},"author":1,"featured_media":2196,"comment_status":"closed","ping_status":"closed","sticky":false,"template":"","format":"standard","meta":[],"categories":[38],"tags":[],"_links":{"self":[{"href":"https:\/\/www.semgaragon.es\/web\/wp-json\/wp\/v2\/posts\/2195"}],"collection":[{"href":"https:\/\/www.semgaragon.es\/web\/wp-json\/wp\/v2\/posts"}],"about":[{"href":"https:\/\/www.semgaragon.es\/web\/wp-json\/wp\/v2\/types\/post"}],"author":[{"embeddable":true,"href":"https:\/\/www.semgaragon.es\/web\/wp-json\/wp\/v2\/users\/1"}],"replies":[{"embeddable":true,"href":"https:\/\/www.semgaragon.es\/web\/wp-json\/wp\/v2\/comments?post=2195"}],"version-history":[{"count":1,"href":"https:\/\/www.semgaragon.es\/web\/wp-json\/wp\/v2\/posts\/2195\/revisions"}],"predecessor-version":[{"id":2197,"href":"https:\/\/www.semgaragon.es\/web\/wp-json\/wp\/v2\/posts\/2195\/revisions\/2197"}],"wp:featuredmedia":[{"embeddable":true,"href":"https:\/\/www.semgaragon.es\/web\/wp-json\/wp\/v2\/media\/2196"}],"wp:attachment":[{"href":"https:\/\/www.semgaragon.es\/web\/wp-json\/wp\/v2\/media?parent=2195"}],"wp:term":[{"taxonomy":"category","embeddable":true,"href":"https:\/\/www.semgaragon.es\/web\/wp-json\/wp\/v2\/categories?post=2195"},{"taxonomy":"post_tag","embeddable":true,"href":"https:\/\/www.semgaragon.es\/web\/wp-json\/wp\/v2\/tags?post=2195"}],"curies":[{"name":"wp","href":"https:\/\/api.w.org\/{rel}","templated":true}]}}